{"id":263,"date":"2020-09-15T14:44:59","date_gmt":"2020-09-15T14:44:59","guid":{"rendered":"http:\/\/ansichten-des-jordan.de\/wordpress\/?p=263"},"modified":"2021-02-15T14:46:02","modified_gmt":"2021-02-15T14:46:02","slug":"innovative-comic-kunst","status":"publish","type":"post","link":"https:\/\/ansichten-des-jordan.de\/index.php\/2020\/09\/15\/innovative-comic-kunst\/","title":{"rendered":"Innovative Comic Kunst"},"content":{"rendered":"\n<p>Wie ist er nur in diesen Wald geraten? Zwischen den Wurzeln, in den H\u00f6hlen droht dem Protagonisten der Graphic Novel &#8220;Warum wir m\u00fcde sind&#8221; des Erlanger K\u00fcnstlers Michael Jordan stolpernd fallend sich zu verlieren. Die Frage stellt sich bereits im Treppenaufgang zu den Ausstellungsr\u00e4umen im Stadtmuseum, zeigt dort doch eine grosse Fahne jene Szenen im Wald. Beantwortet wird die Frage nicht direkt. Doch die 50 Skizzen erz\u00e4hlen, wie Jordans d\u00fcstere Traumwelt entstanden ist, in die man gar nicht eintauchen will und doch hineingezogen wird, assoziiert man doch Parallelen in unsere reale Welt. Mehr noch: Es sind Teile seiner Graphic Novels &#8220;Digging into Silence&#8221; und &#8220;Die Verwischten&#8221; und Arbeitsschritte des Kollektivs Tonto zu sehen, in dem Jordan seit 2003 mitarbeitet. Als Installation ist eine Laborsituation aus den Graphic Novels aufgebaut: Pappmach\u00e9-Pflanzen, die im Terrarium bestrahlt und beobachtet werden. <\/p>\n\n\n\n<p>von  Barbara Fr\u00f6hlich, Donaukurier, 31.08.2020 <\/p>\n\n\n\n<figure class=\"wp-block-image size-large\"><img loading=\"lazy\" decoding=\"async\" width=\"1024\" height=\"537\" src=\"https:\/\/ansichten-des-jordan.de\/wordpress\/wp-content\/uploads\/2021\/02\/InnovativeComicKunst_web-1-1024x537.jpg\" alt=\"\" class=\"wp-image-265\" srcset=\"https:\/\/ansichten-des-jordan.de\/wp-content\/uploads\/2021\/02\/InnovativeComicKunst_web-1-1024x537.jpg 1024w, https:\/\/ansichten-des-jordan.de\/wp-content\/uploads\/2021\/02\/InnovativeComicKunst_web-1-300x157.jpg 300w, https:\/\/ansichten-des-jordan.de\/wp-content\/uploads\/2021\/02\/InnovativeComicKunst_web-1-768x403.jpg 768w, https:\/\/ansichten-des-jordan.de\/wp-content\/uploads\/2021\/02\/InnovativeComicKunst_web-1.jpg 1424w\" sizes=\"auto, (max-width: 1024px) 100vw, 1024px\" \/><\/figure>\n\n\n\n<p><a href=\"http:\/\/www.donaukurier.de\">http:\/\/www.donaukurier.de<\/a><\/p>\n","protected":false},"excerpt":{"rendered":"<p>Wie ist er nur in diesen Wald geraten? Zwischen den Wurzeln, in den H\u00f6hlen droht dem Protagonisten der Graphic Novel &#8220;Warum wir m\u00fcde sind&#8221; des Erlanger K\u00fcnstlers Michael Jordan stolpernd [&hellip;]<\/p>\n","protected":false},"author":1,"featured_media":0,"comment_status":"closed","ping_status":"open","sticky":false,"template":"","format":"standard","meta":{"footnotes":""},"categories":[29,1,10,15,22],"tags":[36,35],"class_list":["post-263","post","type-post","status-publish","format-standard","hentry","category-29","category-archiv","category-exhibitions","category-texts","category-tonto","tag-donaukurier","tag-frohlich"],"_links":{"self":[{"href":"https:\/\/ansichten-des-jordan.de\/index.php\/wp-json\/wp\/v2\/posts\/263","targetHints":{"allow":["GET"]}}],"collection":[{"href":"https:\/\/ansichten-des-jordan.de\/index.php\/wp-json\/wp\/v2\/posts"}],"about":[{"href":"https:\/\/ansichten-des-jordan.de\/index.php\/wp-json\/wp\/v2\/types\/post"}],"author":[{"embeddable":true,"href":"https:\/\/ansichten-des-jordan.de\/index.php\/wp-json\/wp\/v2\/users\/1"}],"replies":[{"embeddable":true,"href":"https:\/\/ansichten-des-jordan.de\/index.php\/wp-json\/wp\/v2\/comments?post=263"}],"version-history":[{"count":1,"href":"https:\/\/ansichten-des-jordan.de\/index.php\/wp-json\/wp\/v2\/posts\/263\/revisions"}],"predecessor-version":[{"id":266,"href":"https:\/\/ansichten-des-jordan.de\/index.php\/wp-json\/wp\/v2\/posts\/263\/revisions\/266"}],"wp:attachment":[{"href":"https:\/\/ansichten-des-jordan.de\/index.php\/wp-json\/wp\/v2\/media?parent=263"}],"wp:term":[{"taxonomy":"category","embeddable":true,"href":"https:\/\/ansichten-des-jordan.de\/index.php\/wp-json\/wp\/v2\/categories?post=263"},{"taxonomy":"post_tag","embeddable":true,"href":"https:\/\/ansichten-des-jordan.de\/index.php\/wp-json\/wp\/v2\/tags?post=263"}],"curies":[{"name":"wp","href":"https:\/\/api.w.org\/{rel}","templated":true}]}}